{"id":4027,"date":"2024-12-20T15:14:03","date_gmt":"2024-12-20T14:14:03","guid":{"rendered":"https:\/\/archiviodistatoverona.cultura.gov.it\/?post_type=news&#038;p=4027"},"modified":"2024-12-20T15:14:05","modified_gmt":"2024-12-20T14:14:05","slug":"avviso-agli-utenti-della-sala-studio-2","status":"publish","type":"news","link":"https:\/\/archiviodistatoverona.cultura.gov.it\/?news=avviso-agli-utenti-della-sala-studio-2","title":{"rendered":"Avviso agli utenti della Sala studio"},"content":{"rendered":"\n<p>Si avvisano i gentili utenti che in occasione delle festivit\u00e0 natalizie la Sala studio dell&#8217; Archivio di Stato di Verona sar\u00e0 aperta con orario ridotto nei seguenti giorni:<\/p>\n\n\n\n<p>marted\u00ec 24 dicembre 2024: dalle ore 08:30 alle ore 15:00<\/p>\n\n\n\n<p>marted\u00ec 31 dicembre 2024: dalle ore 08:30 alle ore 15:00<\/p>\n\n\n\n<p><\/p>\n\n\n\n<p><\/p>\n\n\n\n<p><\/p>\n","protected":false},"excerpt":{"rendered":"<p>Si avvisano i gentili utenti che in occasione delle festivit\u00e0 natalizie la Sala studio dell&#8217; Archivio di Stato di Verona sar\u00e0 aperta con orario ridotto nei seguenti giorni: marted\u00ec 24 [&hellip;]<\/p>\n","protected":false},"author":1,"featured_media":0,"comment_status":"closed","ping_status":"closed","template":"","categories":[],"newstags":[],"class_list":["post-4027","news","type-news","status-publish","hentry","entry"],"_links":{"self":[{"href":"https:\/\/archiviodistatoverona.cultura.gov.it\/index.php?rest_route=\/wp\/v2\/news\/4027","targetHints":{"allow":["GET"]}}],"collection":[{"href":"https:\/\/archiviodistatoverona.cultura.gov.it\/index.php?rest_route=\/wp\/v2\/news"}],"about":[{"href":"https:\/\/archiviodistatoverona.cultura.gov.it\/index.php?rest_route=\/wp\/v2\/types\/news"}],"author":[{"embeddable":true,"href":"https:\/\/archiviodistatoverona.cultura.gov.it\/index.php?rest_route=\/wp\/v2\/users\/1"}],"replies":[{"embeddable":true,"href":"https:\/\/archiviodistatoverona.cultura.gov.it\/index.php?rest_route=%2Fwp%2Fv2%2Fcomments&post=4027"}],"wp:attachment":[{"href":"https:\/\/archiviodistatoverona.cultura.gov.it\/index.php?rest_route=%2Fwp%2Fv2%2Fmedia&parent=4027"}],"wp:term":[{"taxonomy":"category","embeddable":true,"href":"https:\/\/archiviodistatoverona.cultura.gov.it\/index.php?rest_route=%2Fwp%2Fv2%2Fcategories&post=4027"},{"taxonomy":"newstags","embeddable":true,"href":"https:\/\/archiviodistatoverona.cultura.gov.it\/index.php?rest_route=%2Fwp%2Fv2%2Fnewstags&post=4027"}],"curies":[{"name":"wp","href":"https:\/\/api.w.org\/{rel}","templated":true}]}}